{"id":700,"date":"2025-03-04T11:42:01","date_gmt":"2025-03-04T11:42:01","guid":{"rendered":"https:\/\/capleni.ro\/?p=700"},"modified":"2026-02-19T13:16:46","modified_gmt":"2026-02-19T11:16:46","slug":"bun-venit","status":"publish","type":"post","link":"https:\/\/capleni.ro\/?p=700","title":{"rendered":"Bun venit!"},"content":{"rendered":"\r\n<p><em><strong>Mesajul primarului<\/strong><\/em><\/p>\r\n\r\n\r\n\r\n<p><!--more--><\/p>\r\n\r\n\r\n\r\n<p>\u00cen calitate de primar al comunei C\u0103pleni, adresez un sincer bun venit tuturor celor care accesa\u0163i acest site, \u00een numele comunit\u0103\u0163ii acestui comune, al administra\u0163iei publice locale \u015fi al meu personal.<\/p>\r\n\r\n\r\n\r\n<p>Ne dorim, ca pe aceast\u0103 cale, s\u0103 venim \u00een sprijinul cet\u0103\u0163enilor, oferindu-le dreptul la informa\u0163ia produs\u0103 \u015fi gestionat\u0103 de administra\u0163ia public\u0103 local\u0103 \u015fi \u00een acela\u015fi timp s\u0103 fim ca o fereastr\u0103 deschis\u0103 permanent tuturor celor ce vor s\u0103 ne cunoasc\u0103.<\/p>\r\n\r\n\r\n\r\n<p>Mul\u0163umesc \u00een numele locuitorilor, tuturor vizitatorilor din \u0163ar\u0103 \u015fi str\u0103in\u0103tate, pentru c\u0103 au avut curiozitatea \u015fi dorin\u0163a de a afla c\u00e2t mai multe despre noi.<\/p>\r\n\r\n\r\n\r\n<p>Poate c\u0103 ve\u0163i g\u0103si oportunit\u0103\u0163i de afaceri care, sper\u0103m, v\u0103 vor \u00eendemna s\u0103 investi\u0163i \u00een ora\u015ful nostru \u0219i poate ne ve\u0163i descoperi ca pe o destina\u0163ie turistic\u0103, \u00een toate cazurile noi v\u0103 asigur\u0103m c\u0103 ve\u0163i g\u0103si aici o administra\u0163ie public\u0103 local\u0103 deschis\u0103 \u015fi transparent\u0103.<\/p>\r\n\r\n\r\n\r\n<p>Cu siguran\u0163\u0103, \u00een urma informa\u0163iilor primite, ve\u0163i g\u0103si m\u0103car un lucru care v\u0103 va capta aten\u0163ia \u015fi dorin\u0163a de a cunoa\u015fte pe viu frumuse\u0163ea unic\u0103 a comunei C\u0103pleni, oamenii prieteno\u015fi \u015fi ospitalieri, dar \u015fi farmecul unei comune cu o istorie \u015fi cultur\u0103 unic\u0103.<\/p>\r\n\r\n\r\n\r\n<p><em><strong>Megyeri Tam\u00e1s R\u00f3bert<\/strong><\/em> primar<\/p>\r\n","protected":false},"excerpt":{"rendered":"<p>Mesajul primarului<\/p>\n","protected":false},"author":1,"featured_media":4898,"comment_status":"open","ping_status":"open","sticky":false,"template":"","format":"standard","meta":{"footnotes":""},"categories":[21],"tags":[14],"class_list":{"0":"post-700","1":"post","2":"type-post","3":"status-publish","4":"format-standard","5":"has-post-thumbnail","7":"category-stiri","8":"tag-comuna-capleni"},"_links":{"self":[{"href":"https:\/\/capleni.ro\/index.php?rest_route=\/wp\/v2\/posts\/700","targetHints":{"allow":["GET"]}}],"collection":[{"href":"https:\/\/capleni.ro\/index.php?rest_route=\/wp\/v2\/posts"}],"about":[{"href":"https:\/\/capleni.ro\/index.php?rest_route=\/wp\/v2\/types\/post"}],"author":[{"embeddable":true,"href":"https:\/\/capleni.ro\/index.php?rest_route=\/wp\/v2\/users\/1"}],"replies":[{"embeddable":true,"href":"https:\/\/capleni.ro\/index.php?rest_route=%2Fwp%2Fv2%2Fcomments&post=700"}],"version-history":[{"count":2,"href":"https:\/\/capleni.ro\/index.php?rest_route=\/wp\/v2\/posts\/700\/revisions"}],"predecessor-version":[{"id":1258,"href":"https:\/\/capleni.ro\/index.php?rest_route=\/wp\/v2\/posts\/700\/revisions\/1258"}],"wp:featuredmedia":[{"embeddable":true,"href":"https:\/\/capleni.ro\/index.php?rest_route=\/wp\/v2\/media\/4898"}],"wp:attachment":[{"href":"https:\/\/capleni.ro\/index.php?rest_route=%2Fwp%2Fv2%2Fmedia&parent=700"}],"wp:term":[{"taxonomy":"category","embeddable":true,"href":"https:\/\/capleni.ro\/index.php?rest_route=%2Fwp%2Fv2%2Fcategories&post=700"},{"taxonomy":"post_tag","embeddable":true,"href":"https:\/\/capleni.ro\/index.php?rest_route=%2Fwp%2Fv2%2Ftags&post=700"}],"curies":[{"name":"wp","href":"https:\/\/api.w.org\/{rel}","templated":true}]}}