{"id":706,"date":"2025-03-04T11:55:24","date_gmt":"2025-03-04T11:55:24","guid":{"rendered":"https:\/\/capleni.ro\/?p=706"},"modified":"2025-03-14T09:50:31","modified_gmt":"2025-03-14T07:50:31","slug":"comuna-capleni","status":"publish","type":"post","link":"https:\/\/capleni.ro\/?p=706","title":{"rendered":"Comuna C\u0103pleni"},"content":{"rendered":"\r\n<p><strong>Comuna C\u0103pleni se afl\u0103 pe malul r\u00e2ului Crasna, la o distan\u0163\u0103 de 4 km spre nord de Carei \u015fi la 40 de km de re\u015fedin\u0163a jude\u0163ului.<\/strong><\/p>\r\n\r\n\r\n\r\n<p><!--more--><\/p>\r\n\r\n\r\n\r\n<p>Localitatea formeaz\u0103 singur\u0103 comuna C\u0103pleni din 2002, c\u00e2nd C\u0103minul a devenit comun\u0103 separat\u0103. La recens\u0103m\u00e2ntul din 2011, satul avea 3024 locuitori, dintre care mai mult de 90% s-au declarat de na\u0163ionalitate maghiar\u0103, 3,96% rrom\u0103, 2,44% german\u0103 iar 3,14% rom\u00e2n\u0103.<\/p>\r\n\r\n\r\n\r\n<p>Prima atestare documentar\u0103 a localit\u0103\u0163ii C\u0103pleni dateaz\u0103 din anul 1212, c\u00e2nd a\u015fezarea apar\u0163inea domeniului neamului Kaplyon. Familiile nobiliare descendente: K\u00e1rolyi, Vet\u00e9si, Csomak\u00f6zi \u015fi Bagosi au posedat localitatea p\u00e2n\u0103 spre sf\u00e2r\u015fitul secolului al XIV-lea, c\u00e2nd C\u0103pleniul a devenit proprietatea exclusiv\u0103 a familiei K\u00e1rolyi. Istoria localit\u0103\u0163ii este influen\u0163at\u0103 de cea a ora\u015fului vecin, Carei. C\u0103pleniul a fost una dintre cele patru localit\u0103\u0163i total depopulate, unde contele K\u00e1rolyi a adus primii coloni\u015fti \u015fvabi \u00een anul 1712. Multe dintre familiile de coloni\u015fti s-au mutat \u00een alte sate, unii s-au \u00eentors \u00een locurile de ba\u015ftin\u0103, neadapt\u00e2ndu-se la noile condi\u0163ii de via\u0163\u0103. \u00cen anul 1945, \u00een urma deport\u0103rii \u015fvabilor \u00een Uniunea Sovietic\u0103 \u015fi ulterior, din cauza emigr\u0103rilor masive, comunitatea german\u0103 din C\u0103pleni s-a diminuat drastic.<\/p>\r\n\r\n\r\n\r\n<p>Localitatea este situat\u0103 la limita sudic\u0103 a fostei mla\u015ftini Ecedea, multe dintre activit\u0103\u0163ile tradi\u0163ionale fiind legate de resursele din mla\u015ftin\u0103. Astfel, C\u0103pleniul s-a remarcat ca fiind un centru al manufacturilor de \u00eempletire a nuielei. Dup\u0103 desecarea mla\u015ftinii \u00eens\u0103, sursa cea mai important\u0103 de venit a r\u0103mas agricultura. \u00cen sat nu exist\u0103 \u00eentreprinderi industriale, dar apropierea Careiului face ca numero\u015fi locuitori s\u0103 fie angaja\u0163i ai unit\u0103\u0163ilor industriale din acest municipiu. Singurele societ\u0103\u0163i economice din C\u0103pleni, \u015fi acestea de mic\u0103 amploare, au un profil comercial. Cel mai important reper turistic al localit\u0103\u0163ii este complexul monastic ctitorit de familia K\u00e1rolyi. \u00cen prima faz\u0103 era o m\u0103n\u0103stire de familie apar\u0163in\u00e2nd neamului Kaplony, \u00eentemeiat, potrivit tradi\u0163iei locale, \u00een anul 1080. Prima men\u0163iune a m\u0103n\u0103stirii dateaz\u0103 \u00eens\u0103 abia din anul 1268, iar \u00een secolul al XV-lea este amintit\u0103 \u00een sursele scrise ca nefunc\u0163ional\u0103. Alexander Karolyi ini\u0163iaz\u0103 reconstruirea ansamblului m\u0103n\u0103stiresc \u00een secolul al XVIII-lea, preluat de ordinul franciscan. Cutremurul din anul 1834 a afectat grav biserica \u015fi cl\u0103dirile anexe ale m\u0103n\u0103stirii. Urm\u0103toarea faz\u0103 de reconstruc\u0163ie a avut la baz\u0103 planurile renumitului arhitect Mikl\u00f3s Ybl. Biserica reconstruit\u0103 \u00eentre 1841\u20131848 a fost resfin\u0163it\u0103 cu hramul Sf. Anton. Complexul arhitectonic include \u015fi cripta familiei K\u00e1rolyi, unde \u015fi-au g\u0103sit locul de odihn\u0103 ve\u015fnic\u0103 36 membrii din familie. Dintre ei, probabil cel mai cunoscut este Alexander K\u00e1rolyi, ini\u0163iatorul tratativelor P\u0103cii de la Satu Mare, una dintre personalit\u0103\u0163ile cele mai importante ale istoriei jude\u0163ului. \u00cen 1999, \u00een partea dinspre Carei a localit\u0103\u0163ii a fost construit\u0103 o nou\u0103 biseric\u0103 romano-catolic\u0103, \u00eenchinat\u0103 Sf. Iosif. Biserica reformat\u0103, cu arhitectur\u0103 modern\u0103, a fost construit\u0103 \u00een 2004, iar mica biseric\u0103 folosit\u0103 p\u00e2n\u0103 atunci a fost demolat\u0103 \u00een 2006. \u00cen sat mai exist\u0103 \u015fi o biseric\u0103 greco-catolic\u0103.<\/p>\r\n\r\n\r\n\r\n<p>C\u0103pleniul este locul de na\u015ftere al lui Istv\u00e1n F\u00e9nyi (1919\u20132000), profesor, poet \u015fi traduc\u0103tor, al c\u0103rui nume a fost preluat de \u015fcoala din comun\u0103. La fel ca \u00een celelalte localit\u0103\u0163i \u015fv\u0103be\u015fti, fanfara din C\u0103pleni are un rol important \u00een p\u0103strarea tradi\u0163iilor zonei.<\/p>\r\n","protected":false},"excerpt":{"rendered":"<p>Comuna C\u0103pleni se afl\u0103 pe malul r\u00e2ului Crasna, la o distan\u0163\u0103 de 4 km spre nord de Carei \u015fi la 40 de km de re\u015fedin\u0163a jude\u0163ului.<\/p>\n","protected":false},"author":1,"featured_media":1032,"comment_status":"open","ping_status":"open","sticky":false,"template":"","format":"standard","meta":{"footnotes":""},"categories":[21],"tags":[14],"class_list":{"0":"post-706","1":"post","2":"type-post","3":"status-publish","4":"format-standard","5":"has-post-thumbnail","7":"category-stiri","8":"tag-comuna-capleni"},"_links":{"self":[{"href":"https:\/\/capleni.ro\/index.php?rest_route=\/wp\/v2\/posts\/706","targetHints":{"allow":["GET"]}}],"collection":[{"href":"https:\/\/capleni.ro\/index.php?rest_route=\/wp\/v2\/posts"}],"about":[{"href":"https:\/\/capleni.ro\/index.php?rest_route=\/wp\/v2\/types\/post"}],"author":[{"embeddable":true,"href":"https:\/\/capleni.ro\/index.php?rest_route=\/wp\/v2\/users\/1"}],"replies":[{"embeddable":true,"href":"https:\/\/capleni.ro\/index.php?rest_route=%2Fwp%2Fv2%2Fcomments&post=706"}],"version-history":[{"count":3,"href":"https:\/\/capleni.ro\/index.php?rest_route=\/wp\/v2\/posts\/706\/revisions"}],"predecessor-version":[{"id":1909,"href":"https:\/\/capleni.ro\/index.php?rest_route=\/wp\/v2\/posts\/706\/revisions\/1909"}],"wp:featuredmedia":[{"embeddable":true,"href":"https:\/\/capleni.ro\/index.php?rest_route=\/wp\/v2\/media\/1032"}],"wp:attachment":[{"href":"https:\/\/capleni.ro\/index.php?rest_route=%2Fwp%2Fv2%2Fmedia&parent=706"}],"wp:term":[{"taxonomy":"category","embeddable":true,"href":"https:\/\/capleni.ro\/index.php?rest_route=%2Fwp%2Fv2%2Fcategories&post=706"},{"taxonomy":"post_tag","embeddable":true,"href":"https:\/\/capleni.ro\/index.php?rest_route=%2Fwp%2Fv2%2Ftags&post=706"}],"curies":[{"name":"wp","href":"https:\/\/api.w.org\/{rel}","templated":true}]}}